{"id":21566,"date":"2025-02-07T08:31:45","date_gmt":"2025-02-07T07:31:45","guid":{"rendered":"https:\/\/www.gskos.unios.hr\/?p=21566"},"modified":"2025-02-07T08:31:45","modified_gmt":"2025-02-07T07:31:45","slug":"knjizevna-vecer-sa-sasom-jaksic-ljubav-po-mojoj-mjeri","status":"publish","type":"post","link":"https:\/\/www.gskos.unios.hr\/index.php\/knjizevna-vecer-sa-sasom-jaksic-ljubav-po-mojoj-mjeri\/","title":{"rendered":"Knji\u017eevna ve\u010der sa Sa\u0161om Jak\u0161i\u0107 &#8220;Ljubav \u2013 po mojoj mjeri&#8221;"},"content":{"rendered":"<p style=\"text-align: justify;\">U povodu obilje\u017eavanja <strong>Dana zaljubljenih<\/strong>, Izdava\u010dka ku\u0107a Prof&amp;Graf i Gradska i sveu\u010dili\u0161na knji\u017enica Osijek, u<strong> petak, 14. velja\u010de<\/strong> <strong>2025. <\/strong>s po\u010detkom u<strong> 18.00 sati<\/strong> organiziraju <strong>knji\u017eevnu ve\u010der <\/strong>s autoricom ljubavnih romana <strong>Sa\u0161om Jak\u0161i\u0107<\/strong> pod nazivom <strong>&#8220;Ljubav \u2013 po mojoj mjeri&#8221;<\/strong>. Autorica \u0107e ovom prigodom predstaviti svoj najnoviji ljubavni roman pod nazivom <strong>&#8220;<\/strong><strong>Po mojoj mjeri&#8221;. <\/strong>Knji\u017eevna \u0107e se ve\u010der odr\u017eati u prostoru <strong>Studijske \u010ditaonice<\/strong>, a moderirat \u0107e je <strong>Ivana \u0110er\u0111 Dun\u0111erovi\u0107<\/strong>.<\/p>\n<p style=\"text-align: justify;\"><em>Po mojoj mjeri<\/em> ljubavna je pri\u010da u kojoj je oboje glavnih protagonista do\u017eivjelo bra\u010dni brodolom, te si sada poku\u0161avaju skrojiti \u017eivot ispo\u010detka. Ona anga\u017eira njega da joj napravi kuhinju po mjeri za novi dom koji je nedavno kupila, a on \u0107e kod nje prona\u0107i uto\u010di\u0161te kada ga \u010dak i obitelj ostavi na cjedilu. Zajedno i postupno, prona\u0107i \u0107e izlaz iz labirinta svojih nesigurnosti i sna\u017enih emocija te uploviti u sigurnu luku koja \u0107e oboma biti upravo ono \u0161to su oduvijek trebali \u2013 ljubav, koja se ni\u010dime ne mo\u017ee izmjeriti.<\/p>\n<p style=\"text-align: justify;\"><strong>Sa\u0161a Jak\u0161i\u0107<\/strong> ro\u0111ena je 1976. u Osijeku, gdje zavr\u0161ava osnovnu i srednju \u0161kolu te upisuje studij engleskog i njema\u010dkog jezika i knji\u017eevnosti. \u010cita od malih nogu i najranija sje\u0107anja vezana su joj uz knjige. U osnovnoj \u0161koli po\u010dinje pisati poeziju i sastave za \u0161kolske novine te izmi\u0161ljati pri\u010de koje je i tijekom srednje \u0161kole i studija zapisivala u obliku osobnog dnevnika. Dosad je izdala osam romana: <em>Napokon zajedno<\/em>, <em>M\u00e9nage \u00e0 trois<\/em>, <em>Pusti i dopusti<\/em>, <em>Ju\u017eina u glavi<\/em>, <em>Zgodni usamljeni \u0161treber<\/em>, <em>Zvijezda padalica<\/em>, <em>Lutkica <\/em>i <em>Istina o njemu<\/em>, a napisala je i izdala duet s autoricom Martinom Duvnjak pod nazivom <em>Najgora nevolja<\/em>. Dizajnirala je i izdala i dvije bojanke za odrasle: <em>Sve boje na\u0161ih raspolo\u017eenja i Sve boje romantike,<\/em> a napisala je, dizajnirala i izdala i <em>Planer pisanja za autore<\/em>, te <em>Dnevnik \u010ditanja <\/em>za \u010ditatelja. Njezine kratke pri\u010de i poezija izi\u0161le su u zbirkama vi\u0161e autora IK Prof&amp;Graf, objavila je i samostalnu zbirku pri\u010da s naslovom <em>Ne\u0161to za Bo\u017ei\u0107<\/em>, te zbirku pri\u010da <em>Ove zime&#8230; ljubav!<\/em><\/p>\n<p style=\"text-align: justify;\">\n<p style=\"text-align: justify;\">Dodatne informacije mogu se dobiti na broj telefona:<\/p>\n<ul>\n<li style=\"text-align: justify;\"><a href=\"https:\/\/www.gskos.unios.hr\/index.php\/odsjek_za_odrasle\/\">Posudbeni odjel za odrasle GISKO<\/a> 031\/211-233<\/li>\n<\/ul>\n","protected":false},"excerpt":{"rendered":"<p>U povodu obilje\u017eavanja Dana zaljubljenih, Izdava\u010dka ku\u0107a Prof&amp;Graf i Gradska i sveu\u010dili\u0161na knji\u017enica Osijek, u petak, 14. velja\u010de 2025. s po\u010detkom u 18.00 sati organiziraju knji\u017eevnu ve\u010der s autoricom ljubavnih romana Sa\u0161om Jak\u0161i\u0107 pod nazivom &#8220;Ljubav \u2013 po mojoj mjeri&#8221;. Autorica \u0107e ovom prigodom predstaviti svoj najnoviji ljubavni roman pod nazivom &#8220;Po mojoj mjeri&#8221;. Knji\u017eevna<\/p>\n","protected":false},"author":8,"featured_media":21567,"comment_status":"closed","ping_status":"closed","sticky":false,"template":"","format":"standard","meta":{"_mi_skip_tracking":false},"categories":[1,40,35],"tags":[],"_links":{"self":[{"href":"https:\/\/www.gskos.unios.hr\/index.php\/wp-json\/wp\/v2\/posts\/21566"}],"collection":[{"href":"https:\/\/www.gskos.unios.hr\/index.php\/wp-json\/wp\/v2\/posts"}],"about":[{"href":"https:\/\/www.gskos.unios.hr\/index.php\/wp-json\/wp\/v2\/types\/post"}],"author":[{"embeddable":true,"href":"https:\/\/www.gskos.unios.hr\/index.php\/wp-json\/wp\/v2\/users\/8"}],"replies":[{"embeddable":true,"href":"https:\/\/www.gskos.unios.hr\/index.php\/wp-json\/wp\/v2\/comments?post=21566"}],"version-history":[{"count":1,"href":"https:\/\/www.gskos.unios.hr\/index.php\/wp-json\/wp\/v2\/posts\/21566\/revisions"}],"predecessor-version":[{"id":21568,"href":"https:\/\/www.gskos.unios.hr\/index.php\/wp-json\/wp\/v2\/posts\/21566\/revisions\/21568"}],"wp:featuredmedia":[{"embeddable":true,"href":"https:\/\/www.gskos.unios.hr\/index.php\/wp-json\/wp\/v2\/media\/21567"}],"wp:attachment":[{"href":"https:\/\/www.gskos.unios.hr\/index.php\/wp-json\/wp\/v2\/media?parent=21566"}],"wp:term":[{"taxonomy":"category","embeddable":true,"href":"https:\/\/www.gskos.unios.hr\/index.php\/wp-json\/wp\/v2\/categories?post=21566"},{"taxonomy":"post_tag","embeddable":true,"href":"https:\/\/www.gskos.unios.hr\/index.php\/wp-json\/wp\/v2\/tags?post=21566"}],"curies":[{"name":"wp","href":"https:\/\/api.w.org\/{rel}","templated":true}]}}