{"id":21660,"date":"2025-02-26T10:46:14","date_gmt":"2025-02-26T09:46:14","guid":{"rendered":"https:\/\/www.gskos.unios.hr\/?p=21660"},"modified":"2025-02-26T10:55:06","modified_gmt":"2025-02-26T09:55:06","slug":"pricaonice-i-kreativne-radionice-u-ozujku","status":"publish","type":"post","link":"https:\/\/www.gskos.unios.hr\/index.php\/pricaonice-i-kreativne-radionice-u-ozujku\/","title":{"rendered":"Pri\u010daonice i kreativne radionice u o\u017eujku"},"content":{"rendered":"<p>Gradska i sveu\u010dili\u0161na knji\u017enica Osijek u o\u017eujku \u0107e organizirati pri\u010daonice i kreativne radionice za djecu prema sljede\u0107em rasporedu:<\/p>\n<p><a href=\"https:\/\/www.gskos.unios.hr\/wp-content\/uploads\/2025\/02\/ozujak.jpg\"><img loading=\"lazy\" class=\"aligncenter size-large wp-image-20201\" src=\"https:\/\/www.gskos.unios.hr\/wp-content\/uploads\/2025\/02\/ozujak.jpg\" alt=\"\" width=\"683\" height=\"1024\" \/><\/a><\/p>\n<p style=\"text-align: center;\"><strong>\u00a0<\/strong><\/p>\n<p style=\"text-align: center;\"><strong><u>Prijave za sudjelovanje idu tjedan dana prije odr\u017eavanja radionice na broj telefona Odjela za rad s djecom i mladima ili ogranka Knji\u017enice.<\/u><\/strong><strong>\u00a0<\/strong><\/p>\n<p>&nbsp;<\/p>\n<p>Dodatne informacije mogu se dobiti na broj telefona:<\/p>\n<ul>\n<li><a href=\"https:\/\/www.gskos.unios.hr\/index.php\/odjel-za-rad-s-djecom-i-mladima\/\">Odjel za rad s djecom i mladima GISKO<\/a> 031\/211-472<\/li>\n<\/ul>\n<p><a href=\"https:\/\/www.gskos.unios.hr\/wp-content\/uploads\/2025\/02\/kreativne-radionice-ozujak.jpg\"><img loading=\"lazy\" class=\"aligncenter size-large wp-image-20201\" src=\"https:\/\/www.gskos.unios.hr\/wp-content\/uploads\/2025\/02\/kreativne-radionice-ozujak.jpg\" alt=\"\" width=\"683\" height=\"1024\" \/><\/a><\/p>\n<p><a href=\"https:\/\/www.gskos.unios.hr\/wp-content\/uploads\/2025\/02\/pricaonice-ozujak.png\"><img loading=\"lazy\" class=\"aligncenter size-large wp-image-20201\" src=\"https:\/\/www.gskos.unios.hr\/wp-content\/uploads\/2025\/02\/pricaonice-ozujak.png\" alt=\"\" width=\"683\" height=\"1024\" \/><\/a><\/p>\n","protected":false},"excerpt":{"rendered":"<p>Gradska i sveu\u010dili\u0161na knji\u017enica Osijek u o\u017eujku \u0107e organizirati pri\u010daonice i kreativne radionice za djecu prema sljede\u0107em rasporedu: \u00a0 Prijave za sudjelovanje idu tjedan dana prije odr\u017eavanja radionice na broj telefona Odjela za rad s djecom i mladima ili ogranka Knji\u017enice.\u00a0 &nbsp; Dodatne informacije mogu se dobiti na broj telefona: Odjel za rad s djecom<\/p>\n","protected":false},"author":17,"featured_media":21662,"comment_status":"closed","ping_status":"closed","sticky":false,"template":"","format":"standard","meta":{"_mi_skip_tracking":false},"categories":[1,32,41],"tags":[],"_links":{"self":[{"href":"https:\/\/www.gskos.unios.hr\/index.php\/wp-json\/wp\/v2\/posts\/21660"}],"collection":[{"href":"https:\/\/www.gskos.unios.hr\/index.php\/wp-json\/wp\/v2\/posts"}],"about":[{"href":"https:\/\/www.gskos.unios.hr\/index.php\/wp-json\/wp\/v2\/types\/post"}],"author":[{"embeddable":true,"href":"https:\/\/www.gskos.unios.hr\/index.php\/wp-json\/wp\/v2\/users\/17"}],"replies":[{"embeddable":true,"href":"https:\/\/www.gskos.unios.hr\/index.php\/wp-json\/wp\/v2\/comments?post=21660"}],"version-history":[{"count":4,"href":"https:\/\/www.gskos.unios.hr\/index.php\/wp-json\/wp\/v2\/posts\/21660\/revisions"}],"predecessor-version":[{"id":21668,"href":"https:\/\/www.gskos.unios.hr\/index.php\/wp-json\/wp\/v2\/posts\/21660\/revisions\/21668"}],"wp:featuredmedia":[{"embeddable":true,"href":"https:\/\/www.gskos.unios.hr\/index.php\/wp-json\/wp\/v2\/media\/21662"}],"wp:attachment":[{"href":"https:\/\/www.gskos.unios.hr\/index.php\/wp-json\/wp\/v2\/media?parent=21660"}],"wp:term":[{"taxonomy":"category","embeddable":true,"href":"https:\/\/www.gskos.unios.hr\/index.php\/wp-json\/wp\/v2\/categories?post=21660"},{"taxonomy":"post_tag","embeddable":true,"href":"https:\/\/www.gskos.unios.hr\/index.php\/wp-json\/wp\/v2\/tags?post=21660"}],"curies":[{"name":"wp","href":"https:\/\/api.w.org\/{rel}","templated":true}]}}