{"id":21716,"date":"2025-03-11T08:12:52","date_gmt":"2025-03-11T07:12:52","guid":{"rendered":"https:\/\/www.gskos.unios.hr\/?p=21716"},"modified":"2025-03-11T09:51:20","modified_gmt":"2025-03-11T08:51:20","slug":"predstavljanje-sveucilisnog-udzbenika-perspektive-suvremenog-kurikuluma-ranog-i-predskolskog-odgoja-i-obrazovanja","status":"publish","type":"post","link":"https:\/\/www.gskos.unios.hr\/index.php\/predstavljanje-sveucilisnog-udzbenika-perspektive-suvremenog-kurikuluma-ranog-i-predskolskog-odgoja-i-obrazovanja\/","title":{"rendered":"Predstavljanje sveu\u010dili\u0161nog ud\u017ebenika &#8220;Perspektive suvremenog kurikuluma ranog i pred\u0161kolskog odgoja i obrazovanja&#8221;"},"content":{"rendered":"<p style=\"text-align: justify;\">Izdava\u010dka ku\u0107a Golden marketing-Tehni\u010dka knjiga, Sveu\u010dili\u0161te J. J. Strossmayera i Gradska i sveu\u010dili\u0161na knji\u017enica Osijek organiziraju <strong>predstavljanje knjige, sveu\u010dili\u0161nog ud\u017ebenika <\/strong>pod nazivom <strong>&#8220;<\/strong><strong>Perspektive suvremenog kurikuluma ranog i pred\u0161kolskog odgoja i obrazovanja&#8221; autoric\u00e2 <\/strong>prof.dr.sc. <strong>Vesnice Mlinarevi\u0107<\/strong> i doc.dr.sc. <strong>Vi\u0161nje Veki\u0107-Kljai\u0107. <\/strong>Predstavljanje \u0107e se odr\u017eati u <strong>ponedjeljak, 17. o\u017eujka<\/strong> <strong>2025. <\/strong>s po\u010detkom u<strong> 18.00 sati<\/strong> u prostoru <strong>Studijske \u010ditaonice<\/strong>. Uz autoricu <strong>doc. dr. sc. Vi\u0161nju Veki\u0107-Kljaji\u0107<\/strong>, o knjizi \u0107e govoriti predstavnica izdava\u010da <strong>Nata\u0161a Maleti\u0107<\/strong>, vi\u0161a savjetnica iz Agencije za odgoj i obrazovanje <strong>Luja Zame\u010dnik<\/strong>, recenzentica <strong>Irella Bogut<\/strong> i kao moderatorica predstavljanja <strong>prof. dr. sc. Emina Berbi\u0107 Kolar<\/strong>, dekanica Fakulteta za odgojne i obrazovne znanosti.<\/p>\n<p style=\"text-align: justify;\">S pedagogijskog gledi\u0161ta namjera autoric\u00e2 bila je obrazlo\u017eiti temeljne odrednice kurikuluma kako bi se znanstveno i prakti\u010dno osvijestila profesija odgojitelja, slo\u017eenost i va\u017enost zajedni\u010dkog integriranog, humanisti\u010dkog i razvojnog kurikuluma ranoga i pred\u0161kolskog odgoja i obrazovanja. Kao temeljne odrednice kurikuluma navode se dijete, odgojitelj, dje\u010dji vrti\u0107 i dru\u0161tvena sredina. U knjizi se detaljno obrazla\u017eu sve ove odrednice kurikuluma. Autorice se usmjeravaju na studente i odgojitelje kojima je potrebna ovakva sveobuhvatna literatura koja ih poti\u010de na aktivno djelovanje, uklju\u010divanje, refleksiju, samorefleksiju i cjelo\u017eivotno u\u010denje za dobrobit svakog pojedinog djeteta. Knjiga isti\u010de da i u interakcijskom i komunikacijskom procesu i djelovanju sustru\u010dnjaka kao i neposrednoj komunikaciji s djecom, roditeljima i lokalnom zajednicom, znanstvenicima, literaturom i obrazovnim politikama treba te\u017eiti integriranosti. Integriranost valja implementirati u odgojno-obrazovni proces. Ova je knjiga nastavak ranijih znanstvenih radova autorica, nastalih u praksi ranog i pred\u0161kolskog odgoja i obrazovanja, u nastavni\u010dkoj praksi u visoko\u0161kolskoj nastavi sa studentima te izvo\u0111enjem znanstvenih istra\u017eivanja.<\/p>\n<p style=\"text-align: justify;\"><strong>Vesnica Mlinarevi\u0107<\/strong> (1959-2024) bila je dekanica i redovita profesorica u trajnom zvanju na Kineziolo\u0161kom fakultetu i vanjska suradnica na Fakultetu za odgojne i obrazovne znanosti Sveu\u010dili\u0161ta Josipa Jurja Strossmayera u Osijeku iz znanstvenog podru\u010dja dru\u0161tvenih znanosti, polje pedagogija. Recenzirala je znanstvene radove, znanstvene projekte i sveu\u010dili\u0161ne studijske programe. Bila je mentorica studentima preko 100 zavr\u0161nih i diplomskih radova i mentorica 5 doktorskih disertacija. Bila je \u010dlanica Sveu\u010dili\u0161nog savjeta Sveu\u010dili\u0161ta Josipa Jurja Strossmayera u Osijeku i \u010dlanica Senata Sveu\u010dili\u0161ta Josipa Jurja Strossmayera u Osijeku. Podru\u010dja znanstvenog interesa bila su joj slobodno vrijeme djece i mladih, poreme\u0107aji u pona\u0161anju u\u010denika, izvannastavne aktivnosti, kompetencije u\u010ditelja, kvaliteta sveu\u010dili\u0161ne nastave, kultura i vo\u0111enje odgojno-obrazovne ustanove i skriveni kurikulum te kurikulum ranog i pred\u0161kolskog odgoja i obrazovanja.<\/p>\n<p style=\"text-align: justify;\"><strong>Vi\u0161nja Veki\u0107-Kljai\u0107<\/strong> ro\u0111ena 1967. godine u Osijeku. U srpnju 2020. godine zavr\u0161ila je poslijediplomski sveu\u010dili\u0161ni doktorski studij <em>Pedagogija i kultura suvremene \u0161kole<\/em> na Filozofskom fakultetu u Osijeku i stekla naziv Doktora znanosti iz podru\u010dja pedagogije. Doktorirala je s radom &#8220;Strukturne i sadr\u017eajne odrednice kurikuluma ranoga odgoja&#8221;. Od 1989. godine radila je kao odgojitelj u Dje\u010djem vrti\u0107u Osijek, objektu &#8220;P\u010delica&#8221;, u mje\u0161ovitoj skupini s integriranim engleskim jezikom. Od 2002. do 2013. godine, s kra\u0107im prekidima, bila je voditeljica Dje\u010djeg vrti\u0107a &#8220;P\u010delica&#8221;.\u00a0 Od 2020. do 2024. godine bila je zaposlena je na Sveu\u010dili\u0161tu u Slavonskom Brodu, na Odjelu dru\u0161tveno-humanisti\u010dkih znanosti, Odsjeku za izobrazbu u\u010ditelja i odgojitelja. Od rujna je 2023. docentica, a od rujna 2024. godine zaposlena je na Sveu\u010dili\u0161tu Josipa Jurja Strossmayera u Osijeku, Fakultetu za odgojne i obrazovne znanosti. Nositeljica je kolegija Pedagogija ranog i pred\u0161kolskog odgoja i obrazovanja, Integrirani pred\u0161kolski kirikulum I, Pedagogija djece s te\u0161ko\u0107ama u razvoju, Interkulturalni odgoj i obrazovanje u ranom i pred\u0161kolskom odgoju i obrazovanju i Obiteljska pedagogija i partnerstvo s roditeljima, na prijediplomskim i diplomskom studiju ranog i pred\u0161kolskog odgoja i obrazovanja. Objavila je vi\u0161e znanstvenih i stru\u010dnih \u010dlanaka u \u010dasopisima, znanstvenim monografijama i zbornicima iz podru\u010dja pedagogije te je sudjelovala i izlagala radove na stru\u010dnim i znanstvenim konferencijama u zemlji i inozemstvu. Bila je suradnica na institucijskim projektima. Svoj istra\u017eiva\u010dki interes usmjerila je na kurikulum ranog i pred\u0161kolskog odgoja i obrazovanja.<\/p>\n<p>Dodatne informacije mogu se dobiti na broj telefona:<\/p>\n<ul>\n<li><a href=\"https:\/\/www.gskos.unios.hr\/index.php\/odsjek_za_odrasle\/\">Posudbeni odjel za odrasle GISKO<\/a> 031\/211-233<\/li>\n<\/ul>\n","protected":false},"excerpt":{"rendered":"<p>Izdava\u010dka ku\u0107a Golden marketing-Tehni\u010dka knjiga, Sveu\u010dili\u0161te J. J. Strossmayera i Gradska i sveu\u010dili\u0161na knji\u017enica Osijek organiziraju predstavljanje knjige, sveu\u010dili\u0161nog ud\u017ebenika pod nazivom &#8220;Perspektive suvremenog kurikuluma ranog i pred\u0161kolskog odgoja i obrazovanja&#8221; autoric\u00e2 prof.dr.sc. Vesnice Mlinarevi\u0107 i doc.dr.sc. Vi\u0161nje Veki\u0107-Kljai\u0107. Predstavljanje \u0107e se odr\u017eati u ponedjeljak, 17. o\u017eujka 2025. s po\u010detkom u 18.00 sati u prostoru<\/p>\n","protected":false},"author":17,"featured_media":21717,"comment_status":"closed","ping_status":"closed","sticky":false,"template":"","format":"standard","meta":{"_mi_skip_tracking":false},"categories":[1,40],"tags":[],"_links":{"self":[{"href":"https:\/\/www.gskos.unios.hr\/index.php\/wp-json\/wp\/v2\/posts\/21716"}],"collection":[{"href":"https:\/\/www.gskos.unios.hr\/index.php\/wp-json\/wp\/v2\/posts"}],"about":[{"href":"https:\/\/www.gskos.unios.hr\/index.php\/wp-json\/wp\/v2\/types\/post"}],"author":[{"embeddable":true,"href":"https:\/\/www.gskos.unios.hr\/index.php\/wp-json\/wp\/v2\/users\/17"}],"replies":[{"embeddable":true,"href":"https:\/\/www.gskos.unios.hr\/index.php\/wp-json\/wp\/v2\/comments?post=21716"}],"version-history":[{"count":3,"href":"https:\/\/www.gskos.unios.hr\/index.php\/wp-json\/wp\/v2\/posts\/21716\/revisions"}],"predecessor-version":[{"id":21719,"href":"https:\/\/www.gskos.unios.hr\/index.php\/wp-json\/wp\/v2\/posts\/21716\/revisions\/21719"}],"wp:featuredmedia":[{"embeddable":true,"href":"https:\/\/www.gskos.unios.hr\/index.php\/wp-json\/wp\/v2\/media\/21717"}],"wp:attachment":[{"href":"https:\/\/www.gskos.unios.hr\/index.php\/wp-json\/wp\/v2\/media?parent=21716"}],"wp:term":[{"taxonomy":"category","embeddable":true,"href":"https:\/\/www.gskos.unios.hr\/index.php\/wp-json\/wp\/v2\/categories?post=21716"},{"taxonomy":"post_tag","embeddable":true,"href":"https:\/\/www.gskos.unios.hr\/index.php\/wp-json\/wp\/v2\/tags?post=21716"}],"curies":[{"name":"wp","href":"https:\/\/api.w.org\/{rel}","templated":true}]}}