{"id":21816,"date":"2025-04-16T08:15:19","date_gmt":"2025-04-16T06:15:19","guid":{"rendered":"https:\/\/www.gskos.unios.hr\/?p=21816"},"modified":"2025-04-22T09:14:11","modified_gmt":"2025-04-22T07:14:11","slug":"noc-knjige-2025","status":"publish","type":"post","link":"https:\/\/www.gskos.unios.hr\/index.php\/noc-knjige-2025\/","title":{"rendered":"No\u0107 knjige 2025."},"content":{"rendered":"<p style=\"text-align: justify;\">Gradska i sveu\u010dili\u0161na knji\u017enica Osijek u <strong>srijedu, 23. travnja 2025.<\/strong> organizira <strong>No\u0107 knjige 2025.<\/strong>, manifestaciju kojom se obilje\u017eava Svjetski dan knjige i autorskih prava, a kako bi se afirmirala kultura \u010ditanja, potaknuo razgovor o literaturi, podigla svijest o va\u017enosti knjige u svakome dru\u0161tvu i svakom vremenu. Tradicionalni program zapo\u010det \u0107e u <strong>18.00 sati<\/strong> i trajati do <strong>22.00 sata<\/strong>, no dio programa odvijat \u0107e se u prijepodnevnim satima.<\/p>\n<p style=\"text-align: justify;\">Ovogodi\u0161nja se No\u0107 knjige odvija pod motom <strong>&#8220;O \u017eivotinjama i ljudima&#8221;<\/strong>, a bogata je raznim doga\u0111anjima za sve uzraste i ukuse: knji\u017eevnim susretima, radionicama, pri\u010daonicama, pjesmom te suvremenim tehnologijama.<\/p>\n<p style=\"text-align: justify;\">Program Gradske i sveu\u010dili\u0161ne knji\u017enice Osijek u No\u0107i knjige 2025. odvijat \u0107e se na lokaciji Europska avenija 24.<\/p>\n<p><strong><u>Srijeda, 23. travnja<\/u><\/strong><\/p>\n<p><strong>No\u0107 knjige za odrasle<\/strong><\/p>\n<ul>\n<li style=\"list-style-type: none;\">\n<ul>\n<li>10:00-12:00 h \u2013 <strong>&#8220;U dru\u0161tvu rije\u010di&#8221;<\/strong> \u2013 u suradnji s Domom za starije i nemo\u0107ne osobe Osijek, Gradska i Sveu\u010dili\u0161na knji\u017enice Osijek organizira \u010ditanje pri\u010da \u0161ti\u0107enicima, uz dru\u017eenje, uzimaju\u0107i u obzir biblioterapijski u\u010dinak s ciljem unaprje\u0111enja pam\u0107enja, mentalne dobrobiti i kvalitete \u017eivota svih sudionika. \u2013 <u>Dom za starije i nemo\u0107ne osobe Osijek<\/u>.<\/li>\n<li>18:00-22:00 h \u2013 <strong>&#8220;Sni\u017eena cijena upisa i obnove upisa u Knji\u017enicu&#8221;<\/strong> \u2013 akcija u\u010dlanjenja i obnove \u010dlanstva u Knji\u017enici. \u2013 <u>Sredi\u0161nja knji\u017enica (Ogranci do 19.30)<\/u><\/li>\n<li>18:00-22:00 h \u2013 <strong>&#8220;<\/strong><strong>Vra\u0107anje knjiga bez naplate zakasnine<\/strong><strong>&#8220;<\/strong> \u2013 povrat zadu\u017eene knji\u017eni\u010dne gra\u0111e bez naplate zakasnine. \u2013 <u>Sredi\u0161nja knji\u017enica (Ogranci do 19.30)<\/u><\/li>\n<li>18:00-19:30 h \u2013 <strong>Tribina i knji\u017eevni susret <\/strong><strong>&#8220;Svijet koji ne stane na zna\u010dku&#8221;<\/strong> \u2013 tribina i knji\u017eevni susret s Igorom Rajkijem (Zagreb, 1965.), spisateljem za odrasle, mlade i djecu, posljednjih godina, koji je, u suradnji s razli\u010ditim ilustratori(ca)ma, objavio je nekoliko slikovnica. U povodu objavljivanja najnovije slikovnice &#8220;Vjetrohod&#8221;, autor \u0107e predstaviti svoje bogato dosada\u0161nje djelo, s posebnim naglaskom na naslove namijenjene najmla\u0111im \u010ditateljima. \u2013 <u>Studijska \u010ditaonica<\/u><\/li>\n<li>20:00-21:30 h \u2013 <strong>Predstavljanje stripa <\/strong><strong>&#8220;Psihoti\u010dna mjese\u010deva sonata&#8221;<\/strong> \u2013 predstavljanje strip albuma autora Matije Pisa\u010di\u0107a. Mark je sin Nolana Grejsona, tako\u0111er poznatog kao Omni-Man, najmo\u0107nijeg super-heroja planete Zemlje. Iako nije ro\u0111en na Zemlji, genetska kompatibilnost omogu\u0107ila je Omni-Manu stvaranje potomstva i sada je do\u0161lo vrijeme da mladi Mark primi svoje naslije\u0111e i postane nepobjediv. \u2013 <u>Studijska \u010ditaonica<\/u><\/li>\n<\/ul>\n<\/li>\n<\/ul>\n<p><strong>No\u0107 knjige za djecu<\/strong><\/p>\n<ul>\n<li>08:00-22:00 h \u2013 <strong>Izlo\u017eba <\/strong><strong>&#8220;<\/strong><strong>Knjige koje osvajaju\u201c <\/strong>\u2013 izlo\u017eba naj\u010ditanijih knjiga za djecu i mlade GISKO u povodu Me\u0111unarodnog dana dje\u010dje knjige i ro\u0111endana H.C. Andersena. \u2013 <u>Izlo\u017ebena aula u prizemlju<\/u><\/li>\n<li>12:00-13:00 h \u2013 <strong>&#8220;Zavi\u010dajna pri\u010daonica za mlade s Ivanom \u0160ojat&#8221; <\/strong>\u2013 knji\u017eevni susret nagra\u0111ivane knji\u017eevnice s djecom i mladima, organiziran radi upoznavanja zavi\u010dajne spisateljice, kroz predstavljanje njezina knji\u017eevnog rada, s posebnim osvrtom na najnovije romane za mlade. \u2013 <u>Studijska \u010ditaonica<\/u><\/li>\n<li>18:00-18:30 h \u2013 <strong>&#8220;<\/strong><strong>Glazbena dobrodo\u0161lica uz Osje\u010dke zumbi\u0107e<\/strong><strong>&#8220;<\/strong> \u2013 glazbeni nastup dje\u010djeg zbora <em>Osje\u010dki zumbi\u0107i<\/em>. \u2013 <u>Dvori\u0161te Knji\u017enice\/Aula<\/u><\/li>\n<li>18:30-19:30 h \u2013 <strong>&#8220;<\/strong><strong>Vrijeme za pri\u010du<\/strong><strong>&#8220;<\/strong> \u2013 pripovijedanje pri\u010da za najmla\u0111e. \u2013 <u>Igraonica Odjela za rad s djecom i mladima<\/u><\/li>\n<li>18:30-21:30 h <strong>&#8220;<\/strong><strong>Dru\u0161tvene igre za djecu<\/strong><strong>&#8220;<\/strong> \u2013 Memory, Pictionary, Kri\u017ei\u0107-kru\u017ei\u0107, Domino, \u010covje\u010de ne ljuti se, Monopoly. \u2013 <u>Igraonica Odjela za rad s djecom i mladima<\/u><\/li>\n<li>18:30-21:30 h \u2013&#8221;<strong>Klub<\/strong> <strong>dru\u0161tvenih igara za mlade<\/strong>&#8221; \u2013 u suradnji s Klubom dru\u0161tvenih igara II. gimnazije Osijek dru\u0161tvene igre: Catan, Dixit, Ticket to Ride, 7 Wonders, ali i nove poput Azul, Unstable Unicorns, Coup, Patchwork, Takenoko i Arboretum \u2013 <u>American Corner, konferencijski dio<\/u><\/li>\n<li>18:30-21:30 h \u2013 <strong>&#8220;GISKO STEM radionica virtualne stvarnosti za djecu i mlade&#8221; <\/strong>\u2013 upoznavanje STEM tehnologije, VR, roboti i 3D olovke<strong>. <\/strong>\u2013 <u>American Corner, posudbeni dio<\/u><\/li>\n<\/ul>\n<p>Dodatne informacije mogu se dobiti broj telefona:<\/p>\n<ul>\n<li><a href=\"https:\/\/www.gskos.unios.hr\/index.php\/odsjek_za_odrasle\/\">Posudbeni odjel za odrasle GISKO<\/a> 031\/211-233<\/li>\n<li><a href=\"https:\/\/www.gskos.unios.hr\/index.php\/odjel-za-rad-s-djecom-i-mladima\/\">Odjel za rad s djecom i mladima GISKO<\/a> 031\/211-472<\/li>\n<\/ul>\n<p><img loading=\"lazy\" class=\"alignnone size-large wp-image-21834\" src=\"https:\/\/www.gskos.unios.hr\/wp-content\/uploads\/2018\/05\/Noc2025-717x1024.jpg\" alt=\"\" width=\"696\" height=\"994\" srcset=\"https:\/\/www.gskos.unios.hr\/wp-content\/uploads\/2018\/05\/Noc2025-717x1024.jpg 717w, https:\/\/www.gskos.unios.hr\/wp-content\/uploads\/2018\/05\/Noc2025-210x300.jpg 210w, https:\/\/www.gskos.unios.hr\/wp-content\/uploads\/2018\/05\/Noc2025-768x1097.jpg 768w, https:\/\/www.gskos.unios.hr\/wp-content\/uploads\/2018\/05\/Noc2025-1075x1536.jpg 1075w, https:\/\/www.gskos.unios.hr\/wp-content\/uploads\/2018\/05\/Noc2025-scaled.jpg 1792w\" sizes=\"(max-width: 696px) 100vw, 696px\" \/><a href=\"https:\/\/www.gskos.unios.hr\/wp-content\/uploads\/2025\/04\/Noc-knjige-2025-GISKO-naslovni.jpg\"><br \/>\n<img loading=\"lazy\" class=\"aligncenter size-large wp-image-20201\" src=\"https:\/\/www.gskos.unios.hr\/wp-content\/uploads\/2025\/04\/Noc-knjige-2025-GISKO-naslovni.jpg\" alt=\"\" width=\"683\" height=\"1024\" \/><\/a><\/p>\n","protected":false},"excerpt":{"rendered":"<p>Gradska i sveu\u010dili\u0161na knji\u017enica Osijek u srijedu, 23. travnja 2025. organizira No\u0107 knjige 2025., manifestaciju kojom se obilje\u017eava Svjetski dan knjige i autorskih prava, a kako bi se afirmirala kultura \u010ditanja, potaknuo razgovor o literaturi, podigla svijest o va\u017enosti knjige u svakome dru\u0161tvu i svakom vremenu. Tradicionalni program zapo\u010det \u0107e u 18.00 sati i trajati<\/p>\n","protected":false},"author":17,"featured_media":21819,"comment_status":"closed","ping_status":"closed","sticky":false,"template":"","format":"standard","meta":{"_mi_skip_tracking":false},"categories":[1,52],"tags":[],"_links":{"self":[{"href":"https:\/\/www.gskos.unios.hr\/index.php\/wp-json\/wp\/v2\/posts\/21816"}],"collection":[{"href":"https:\/\/www.gskos.unios.hr\/index.php\/wp-json\/wp\/v2\/posts"}],"about":[{"href":"https:\/\/www.gskos.unios.hr\/index.php\/wp-json\/wp\/v2\/types\/post"}],"author":[{"embeddable":true,"href":"https:\/\/www.gskos.unios.hr\/index.php\/wp-json\/wp\/v2\/users\/17"}],"replies":[{"embeddable":true,"href":"https:\/\/www.gskos.unios.hr\/index.php\/wp-json\/wp\/v2\/comments?post=21816"}],"version-history":[{"count":7,"href":"https:\/\/www.gskos.unios.hr\/index.php\/wp-json\/wp\/v2\/posts\/21816\/revisions"}],"predecessor-version":[{"id":21835,"href":"https:\/\/www.gskos.unios.hr\/index.php\/wp-json\/wp\/v2\/posts\/21816\/revisions\/21835"}],"wp:featuredmedia":[{"embeddable":true,"href":"https:\/\/www.gskos.unios.hr\/index.php\/wp-json\/wp\/v2\/media\/21819"}],"wp:attachment":[{"href":"https:\/\/www.gskos.unios.hr\/index.php\/wp-json\/wp\/v2\/media?parent=21816"}],"wp:term":[{"taxonomy":"category","embeddable":true,"href":"https:\/\/www.gskos.unios.hr\/index.php\/wp-json\/wp\/v2\/categories?post=21816"},{"taxonomy":"post_tag","embeddable":true,"href":"https:\/\/www.gskos.unios.hr\/index.php\/wp-json\/wp\/v2\/tags?post=21816"}],"curies":[{"name":"wp","href":"https:\/\/api.w.org\/{rel}","templated":true}]}}