{"id":22103,"date":"2025-09-04T07:40:54","date_gmt":"2025-09-04T05:40:54","guid":{"rendered":"https:\/\/www.gskos.unios.hr\/?p=22103"},"modified":"2025-09-04T08:36:54","modified_gmt":"2025-09-04T06:36:54","slug":"mala-galerija-gisko-izlozba-slikarskih-radova-more-ti-i-ja","status":"publish","type":"post","link":"https:\/\/www.gskos.unios.hr\/index.php\/mala-galerija-gisko-izlozba-slikarskih-radova-more-ti-i-ja\/","title":{"rendered":"Mala galerija GISKO: Izlo\u017eba slikarskih radova &#8220;More \u2013 ti i ja&#8221;"},"content":{"rendered":"<p style=\"text-align: justify;\">Tijekom mjeseca<strong> rujna <\/strong>u<strong> Ogranku Donji grad <\/strong>Gradske i sveu\u010dili\u0161ne knji\u017enice Osijek, u sklopu projekta <a href=\"https:\/\/www.gskos.unios.hr\/index.php\/mala-galerija-gisko-3\/\">Mala galerija GISKO<\/a> mo\u017ee se pogledati <strong>izlo\u017eba slikarskih radova <\/strong>pod nazivom<strong> \u00a0&#8220;More \u2013 ti i ja&#8221; <\/strong>autorice<strong> Mie Kirid\u017eija Andri\u0107<\/strong>.<\/p>\n<p style=\"text-align: justify;\">Autorica sebe i svoje radove opisuje u sljede\u0107ih nekoliko re\u010denica: &#8220;Upravo imate priliku pogledati moju tre\u0107u samostalnu izlo\u017ebu i radove nastale u posljednje dvije godine. Nakon \u017eivota na Pelje\u0161cu, u Dubrovniku, Zadru i \u0110akovu, ve\u0107 vi\u0161e od desetlje\u0107a Osijek je mjesto u kojem gradim svoj \u017eivot. Iako me profesionalni put ne ve\u017ee uz slikarstvo, ono je moj hobisti\u010dki odabir ve\u0107 gotovo deset godina. Ve\u0107 iz kratkog pregleda izlo\u017eenih radova, vidljivo je da volim stvarati s pomo\u0107u akrila jer mi ta tehnika omogu\u0107ava slobodu kroz koju najlak\u0161e progovore boje koje toliko volim koristiti. Upravo su one ono \u0161to povezuje sve moje radove razli\u010ditih tematika. Ipak, tematski najvi\u0161e progovara onaj morski dio mene koji se ogleda kroz motive mora i primorskih pejza\u017ea. Izlo\u017eba koju upravo gledate posebna je po tome \u0161to se po prvi put, i to u razli\u010ditim pristupima, pojavljuju motivi ljudi, ali u prepoznatljivom koloritu i tehnici.&#8221;<\/p>\n<p style=\"text-align: justify;\"><a href=\"https:\/\/www.gskos.unios.hr\/wp-content\/uploads\/2025\/09\/izlozba-rujan-2025-DG-2-scaled.jpg\"><img loading=\"lazy\" class=\"alignnone size-medium wp-image-22102\" src=\"https:\/\/www.gskos.unios.hr\/wp-content\/uploads\/2025\/09\/izlozba-rujan-2025-DG-2-213x300.jpg\" alt=\"\" width=\"213\" height=\"300\" srcset=\"https:\/\/www.gskos.unios.hr\/wp-content\/uploads\/2025\/09\/izlozba-rujan-2025-DG-2-213x300.jpg 213w, https:\/\/www.gskos.unios.hr\/wp-content\/uploads\/2025\/09\/izlozba-rujan-2025-DG-2-728x1024.jpg 728w, https:\/\/www.gskos.unios.hr\/wp-content\/uploads\/2025\/09\/izlozba-rujan-2025-DG-2-768x1080.jpg 768w, https:\/\/www.gskos.unios.hr\/wp-content\/uploads\/2025\/09\/izlozba-rujan-2025-DG-2-1093x1536.jpg 1093w, https:\/\/www.gskos.unios.hr\/wp-content\/uploads\/2025\/09\/izlozba-rujan-2025-DG-2-1457x2048.jpg 1457w, https:\/\/www.gskos.unios.hr\/wp-content\/uploads\/2025\/09\/izlozba-rujan-2025-DG-2-696x978.jpg 696w, https:\/\/www.gskos.unios.hr\/wp-content\/uploads\/2025\/09\/izlozba-rujan-2025-DG-2-1068x1501.jpg 1068w, https:\/\/www.gskos.unios.hr\/wp-content\/uploads\/2025\/09\/izlozba-rujan-2025-DG-2-299x420.jpg 299w, https:\/\/www.gskos.unios.hr\/wp-content\/uploads\/2025\/09\/izlozba-rujan-2025-DG-2-scaled.jpg 1821w\" sizes=\"(max-width: 213px) 100vw, 213px\" \/><\/a><\/p>\n<p style=\"text-align: justify;\">Dodatne informacije mogu se dobiti na brojeve telefona:<\/p>\n<ul style=\"text-align: justify;\">\n<li><a href=\"https:\/\/www.gskos.unios.hr\/index.php\/ogranci\/\">Ogranak Donji grad GISKO<\/a> 031\/506-110<\/li>\n<\/ul>\n<p style=\"text-align: justify;\"><a href=\"https:\/\/www.gskos.unios.hr\/wp-content\/uploads\/2018\/04\/MALAGALA.jpg\"><img loading=\"lazy\" class=\"alignnone size-medium wp-image-7954\" src=\"https:\/\/www.gskos.unios.hr\/wp-content\/uploads\/2018\/04\/MALAGALA-300x112.jpg\" alt=\"\" width=\"300\" height=\"112\" srcset=\"https:\/\/www.gskos.unios.hr\/wp-content\/uploads\/2018\/04\/MALAGALA-300x112.jpg 300w, https:\/\/www.gskos.unios.hr\/wp-content\/uploads\/2018\/04\/MALAGALA-768x286.jpg 768w, https:\/\/www.gskos.unios.hr\/wp-content\/uploads\/2018\/04\/MALAGALA-1024x382.jpg 1024w, https:\/\/www.gskos.unios.hr\/wp-content\/uploads\/2018\/04\/MALAGALA-696x259.jpg 696w, https:\/\/www.gskos.unios.hr\/wp-content\/uploads\/2018\/04\/MALAGALA-1068x398.jpg 1068w, https:\/\/www.gskos.unios.hr\/wp-content\/uploads\/2018\/04\/MALAGALA-1127x420.jpg 1127w\" sizes=\"(max-width: 300px) 100vw, 300px\" \/><\/a><\/p>\n<p style=\"text-align: justify;\">\n","protected":false},"excerpt":{"rendered":"<p>Tijekom mjeseca rujna u Ogranku Donji grad Gradske i sveu\u010dili\u0161ne knji\u017enice Osijek, u sklopu projekta Mala galerija GISKO mo\u017ee se pogledati izlo\u017eba slikarskih radova pod nazivom \u00a0&#8220;More \u2013 ti i ja&#8221; autorice Mie Kirid\u017eija Andri\u0107. Autorica sebe i svoje radove opisuje u sljede\u0107ih nekoliko re\u010denica: &#8220;Upravo imate priliku pogledati moju tre\u0107u samostalnu izlo\u017ebu i radove<\/p>\n","protected":false},"author":7,"featured_media":22101,"comment_status":"closed","ping_status":"closed","sticky":false,"template":"","format":"standard","meta":{"_mi_skip_tracking":false},"categories":[1,50],"tags":[],"_links":{"self":[{"href":"https:\/\/www.gskos.unios.hr\/index.php\/wp-json\/wp\/v2\/posts\/22103"}],"collection":[{"href":"https:\/\/www.gskos.unios.hr\/index.php\/wp-json\/wp\/v2\/posts"}],"about":[{"href":"https:\/\/www.gskos.unios.hr\/index.php\/wp-json\/wp\/v2\/types\/post"}],"author":[{"embeddable":true,"href":"https:\/\/www.gskos.unios.hr\/index.php\/wp-json\/wp\/v2\/users\/7"}],"replies":[{"embeddable":true,"href":"https:\/\/www.gskos.unios.hr\/index.php\/wp-json\/wp\/v2\/comments?post=22103"}],"version-history":[{"count":2,"href":"https:\/\/www.gskos.unios.hr\/index.php\/wp-json\/wp\/v2\/posts\/22103\/revisions"}],"predecessor-version":[{"id":22109,"href":"https:\/\/www.gskos.unios.hr\/index.php\/wp-json\/wp\/v2\/posts\/22103\/revisions\/22109"}],"wp:featuredmedia":[{"embeddable":true,"href":"https:\/\/www.gskos.unios.hr\/index.php\/wp-json\/wp\/v2\/media\/22101"}],"wp:attachment":[{"href":"https:\/\/www.gskos.unios.hr\/index.php\/wp-json\/wp\/v2\/media?parent=22103"}],"wp:term":[{"taxonomy":"category","embeddable":true,"href":"https:\/\/www.gskos.unios.hr\/index.php\/wp-json\/wp\/v2\/categories?post=22103"},{"taxonomy":"post_tag","embeddable":true,"href":"https:\/\/www.gskos.unios.hr\/index.php\/wp-json\/wp\/v2\/tags?post=22103"}],"curies":[{"name":"wp","href":"https:\/\/api.w.org\/{rel}","templated":true}]}}