{"id":22228,"date":"2025-10-30T13:31:47","date_gmt":"2025-10-30T12:31:47","guid":{"rendered":"https:\/\/www.gskos.unios.hr\/?p=22228"},"modified":"2025-10-30T13:31:47","modified_gmt":"2025-10-30T12:31:47","slug":"predstavljanje-znanstvene-monografije-sanonit-iz-osijeka-knjizevno-stvaralastvo-za-djecu-ante-gardasa","status":"publish","type":"post","link":"https:\/\/www.gskos.unios.hr\/index.php\/predstavljanje-znanstvene-monografije-sanonit-iz-osijeka-knjizevno-stvaralastvo-za-djecu-ante-gardasa\/","title":{"rendered":"Predstavljanje znanstvene monografije &#8220;Sanonit iz Osijeka \u2013 knji\u017eevno stvarala\u0161tvo za djecu Ante Garda\u0161a&#8221;"},"content":{"rendered":"<p style=\"text-align: justify;\">U povodu obilje\u017eavanja Mjeseca hrvatske knjige 2025., Gradska i sveu\u010dili\u0161na knji\u017enica Osijek, u <strong>utorak, 4. studenoga 2025., <\/strong>s po\u010detkom u<strong> 9.00 sati, <\/strong>u prostoru\u00a0<strong>Ogranka Industrijska \u010detvrt<\/strong>\u00a0organizira <strong>predstavljanje znanstvene monografije<\/strong> doc. dr. sc. <strong>Vedrane \u017divkovi\u0107 Zebec<\/strong> pod nazivom <strong>&#8220;Sanonit iz Osijeka \u2013 knji\u017eevno stvarala\u0161tvo za djecu Ante Garda\u0161a&#8221;<\/strong>.<\/p>\n<p style=\"text-align: justify;\">U monografiji je prikazano stvarala\u0161tvo za djecu Ante Garda\u0161a. Podijeljena u \u010detiri cjeline s obzirom na autorove vrstovne preokupacije. Najve\u0107i je dio ove monografije posve\u0107en Garda\u0161evim romanima po kojima je najpoznatiji i koji \u010dine sredi\u0161nji dio njegova opusa. Pogledom na njegove romane istaknuta je \u017eanrovska raznolikost toga dijela opusa te najva\u017enija obilje\u017eja koja povezuju romane i \u010dine temelj autorove poetike.<\/p>\n<p style=\"text-align: justify;\"><strong>Doc. dr. sc. Vedrana \u017divkovi\u0107 Zebec, izv. prof.<\/strong>, ro\u0111ena je 1982. u Zagrebu. Osnovnu \u0161kolu i op\u0107u gimnaziju zavr\u0161ila je u \u0110akovu. Na studiju Hrvatskoga jezika i knji\u017eevnosti na Filozofskom fakultetu u Osijeku diplomirala je 2006. godine. Akademske godine 2006.\/2007. upisala je Poslijediplomski sveu\u010dili\u0161ni studij Knji\u017eevnost i kulturni identitet na Filozofskom fakultetu u Osijeku. Doktorirala je 7. svibnja 2014. godine s temom\u00a0<em>Romani Ante Garda\u0161a u kontekstu hrvatske dje\u010dje knji\u017eevnosti<\/em>\u00a0pod mentorstvom prof. dr. sc. Ane Pintari\u0107. Redovno sudjeluje na doma\u0107im i inozemnim znanstvenim konferencijama i objavljuje znanstvene radove u doma\u0107im i inozemnim \u010dasopisima i zbornicima konferencija. U svojstvu znanstvene suradnice sudjelovala je na GIP-projektu br. 57338369\u00a0<em>Spuren deutscher Sprache, Literatur und Kultur in Kroatien \u2013 von den Anf\u00e4ngen bis in die Gegenwart<\/em>\u00a0(<em>Tragovi njema\u010dkoga jezika, knji\u017eevnosti i kulture na tlu Hrvatske \u2013 od po\u010detaka do dana\u0161njice<\/em>). \u010clanica je Hrvatske udruge istra\u017eiva\u010da dje\u010dje knji\u017eevnosti.<\/p>\n<p>Dodatne informacije mogu se dobiti na broj telefona:<\/p>\n<ul>\n<li><a href=\"https:\/\/www.gskos.unios.hr\/index.php\/ogranci\/\">Ogranak Industrijska \u010detvrt \u00a0<\/a>031\/271-282<\/li>\n<\/ul>\n","protected":false},"excerpt":{"rendered":"<p>U povodu obilje\u017eavanja Mjeseca hrvatske knjige 2025., Gradska i sveu\u010dili\u0161na knji\u017enica Osijek, u utorak, 4. studenoga 2025., s po\u010detkom u 9.00 sati, u prostoru\u00a0Ogranka Industrijska \u010detvrt\u00a0organizira predstavljanje znanstvene monografije doc. dr. sc. Vedrane \u017divkovi\u0107 Zebec pod nazivom &#8220;Sanonit iz Osijeka \u2013 knji\u017eevno stvarala\u0161tvo za djecu Ante Garda\u0161a&#8221;. U monografiji je prikazano stvarala\u0161tvo za djecu Ante<\/p>\n","protected":false},"author":17,"featured_media":22229,"comment_status":"closed","ping_status":"closed","sticky":false,"template":"","format":"standard","meta":{"_mi_skip_tracking":false},"categories":[1,34,40],"tags":[],"_links":{"self":[{"href":"https:\/\/www.gskos.unios.hr\/index.php\/wp-json\/wp\/v2\/posts\/22228"}],"collection":[{"href":"https:\/\/www.gskos.unios.hr\/index.php\/wp-json\/wp\/v2\/posts"}],"about":[{"href":"https:\/\/www.gskos.unios.hr\/index.php\/wp-json\/wp\/v2\/types\/post"}],"author":[{"embeddable":true,"href":"https:\/\/www.gskos.unios.hr\/index.php\/wp-json\/wp\/v2\/users\/17"}],"replies":[{"embeddable":true,"href":"https:\/\/www.gskos.unios.hr\/index.php\/wp-json\/wp\/v2\/comments?post=22228"}],"version-history":[{"count":1,"href":"https:\/\/www.gskos.unios.hr\/index.php\/wp-json\/wp\/v2\/posts\/22228\/revisions"}],"predecessor-version":[{"id":22230,"href":"https:\/\/www.gskos.unios.hr\/index.php\/wp-json\/wp\/v2\/posts\/22228\/revisions\/22230"}],"wp:featuredmedia":[{"embeddable":true,"href":"https:\/\/www.gskos.unios.hr\/index.php\/wp-json\/wp\/v2\/media\/22229"}],"wp:attachment":[{"href":"https:\/\/www.gskos.unios.hr\/index.php\/wp-json\/wp\/v2\/media?parent=22228"}],"wp:term":[{"taxonomy":"category","embeddable":true,"href":"https:\/\/www.gskos.unios.hr\/index.php\/wp-json\/wp\/v2\/categories?post=22228"},{"taxonomy":"post_tag","embeddable":true,"href":"https:\/\/www.gskos.unios.hr\/index.php\/wp-json\/wp\/v2\/tags?post=22228"}],"curies":[{"name":"wp","href":"https:\/\/api.w.org\/{rel}","templated":true}]}}