{"id":23032,"date":"2026-01-30T09:14:37","date_gmt":"2026-01-30T08:14:37","guid":{"rendered":"https:\/\/www.gskos.unios.hr\/?p=23032"},"modified":"2026-01-30T09:14:37","modified_gmt":"2026-01-30T08:14:37","slug":"izlozba-slikarskih-radova-ljepota-godisnjih-doba","status":"publish","type":"post","link":"https:\/\/www.gskos.unios.hr\/index.php\/izlozba-slikarskih-radova-ljepota-godisnjih-doba\/","title":{"rendered":"Izlo\u017eba slikarskih radova &#8220;Ljepota godi\u0161njih doba&#8221;"},"content":{"rendered":"<p style=\"text-align: justify;\">Tijekom <strong>mjeseca velja\u010de <\/strong>u<strong> Ogranku Donji grad <\/strong>Gradske i sveu\u010dili\u0161ne knji\u017enice Osijek, u sklopu projekta <a href=\"https:\/\/www.gskos.unios.hr\/index.php\/mala-galerija-gisko-3\/\">Mala galerija GISKO<\/a>, mo\u017ee se pogledati <strong>izlo\u017eba slikarskih radova<\/strong> po nazivom<strong> &#8220;Ljepota godi\u0161njih doba&#8221; autorice Marice \u010ci\u010din. <\/strong><\/p>\n<p style=\"text-align: justify;\"><strong>Marica \u010ci\u010din<\/strong> slikarstvom se bavi dva desetlje\u0107a. Slikati je zapo\u010dela nakon petogodi\u0161nje obuke u \u0161koli crtanja i slikanja Hrvatskog dru\u0161tva umjetnika &#8220;Adolf Waldinger&#8221;. U svom radu koristi tehniku ulje na platnu, akril i pastel, a omiljeni su joj motivi pejza\u017ei, mrtva priroda i prizori iz \u017eivota.<\/p>\n<p style=\"text-align: justify;\">\n<p style=\"text-align: justify;\">Dodatne informacije mogu se dobiti na brojeve telefona:<\/p>\n<ul style=\"text-align: justify;\">\n<li><a href=\"https:\/\/www.gskos.unios.hr\/index.php\/ogranci\/\">Ogranak Donji grad GISKO<\/a> 031\/506-110<\/li>\n<li>Marica \u010ci\u010din 097 729 1314<\/li>\n<\/ul>\n<p style=\"text-align: justify;\">\n","protected":false},"excerpt":{"rendered":"<p>Tijekom mjeseca velja\u010de u Ogranku Donji grad Gradske i sveu\u010dili\u0161ne knji\u017enice Osijek, u sklopu projekta Mala galerija GISKO, mo\u017ee se pogledati izlo\u017eba slikarskih radova po nazivom &#8220;Ljepota godi\u0161njih doba&#8221; autorice Marice \u010ci\u010din. Marica \u010ci\u010din slikarstvom se bavi dva desetlje\u0107a. Slikati je zapo\u010dela nakon petogodi\u0161nje obuke u \u0161koli crtanja i slikanja Hrvatskog dru\u0161tva umjetnika &#8220;Adolf Waldinger&#8221;.<\/p>\n","protected":false},"author":7,"featured_media":23033,"comment_status":"closed","ping_status":"closed","sticky":false,"template":"","format":"standard","meta":{"_mi_skip_tracking":false},"categories":[1,39,31],"tags":[],"_links":{"self":[{"href":"https:\/\/www.gskos.unios.hr\/index.php\/wp-json\/wp\/v2\/posts\/23032"}],"collection":[{"href":"https:\/\/www.gskos.unios.hr\/index.php\/wp-json\/wp\/v2\/posts"}],"about":[{"href":"https:\/\/www.gskos.unios.hr\/index.php\/wp-json\/wp\/v2\/types\/post"}],"author":[{"embeddable":true,"href":"https:\/\/www.gskos.unios.hr\/index.php\/wp-json\/wp\/v2\/users\/7"}],"replies":[{"embeddable":true,"href":"https:\/\/www.gskos.unios.hr\/index.php\/wp-json\/wp\/v2\/comments?post=23032"}],"version-history":[{"count":1,"href":"https:\/\/www.gskos.unios.hr\/index.php\/wp-json\/wp\/v2\/posts\/23032\/revisions"}],"predecessor-version":[{"id":23034,"href":"https:\/\/www.gskos.unios.hr\/index.php\/wp-json\/wp\/v2\/posts\/23032\/revisions\/23034"}],"wp:featuredmedia":[{"embeddable":true,"href":"https:\/\/www.gskos.unios.hr\/index.php\/wp-json\/wp\/v2\/media\/23033"}],"wp:attachment":[{"href":"https:\/\/www.gskos.unios.hr\/index.php\/wp-json\/wp\/v2\/media?parent=23032"}],"wp:term":[{"taxonomy":"category","embeddable":true,"href":"https:\/\/www.gskos.unios.hr\/index.php\/wp-json\/wp\/v2\/categories?post=23032"},{"taxonomy":"post_tag","embeddable":true,"href":"https:\/\/www.gskos.unios.hr\/index.php\/wp-json\/wp\/v2\/tags?post=23032"}],"curies":[{"name":"wp","href":"https:\/\/api.w.org\/{rel}","templated":true}]}}